[{"@context":"https:\/\/schema.org\/","@type":"Article","@id":"https:\/\/www.rraga.sk\/robte-svojmu-milacikovi-radost\/#Article","mainEntityOfPage":"https:\/\/www.rraga.sk\/robte-svojmu-milacikovi-radost\/","headline":"Robte svojmu mil\u00e1\u010dikovi rados\u0165","name":"Robte svojmu mil\u00e1\u010dikovi rados\u0165","description":"V dne\u0161nej dobe u\u017e ni\u010d nie je \u00faplne nenorm\u00e1lne. V\u0161etko m\u00e1 nejak\u00fd ur\u010dit\u00fd v\u00fdznam a v podstate skoro pri ni\u010dom si nemus\u00edme b\u00facha\u0165 hlavu o stenu a p\u00fdta\u0165 sa sami seba, pre\u010do sme to urobili a z ak\u00e9ho d\u00f4vodu sa to a ono deje pr\u00e1ve n\u00e1m. Alebo, pre\u010do m\u00e1 pani, ktor\u00e1 ide oproti n\u00e1m ru\u017eov\u00e9&hellip; ","datePublished":"2017-09-21","dateModified":"2023-04-27","author":{"@type":"Person","@id":"https:\/\/www.rraga.sk\/author\/#Person","name":"","url":"https:\/\/www.rraga.sk\/author\/","identifier":1,"image":{"@type":"ImageObject","@id":"https:\/\/secure.gravatar.com\/avatar\/5667bceccdce92893bac6a7981a373152a8b3fa0ab99c198ba0ac0b49a934248?s=96&d=mm&r=g","url":"https:\/\/secure.gravatar.com\/avatar\/5667bceccdce92893bac6a7981a373152a8b3fa0ab99c198ba0ac0b49a934248?s=96&d=mm&r=g","height":96,"width":96}},"publisher":{"@type":"Organization","name":"rraga.sk","logo":{"@type":"ImageObject","@id":"\/logo.png","url":"\/logo.png","width":600,"height":60}},"image":{"@type":"ImageObject","@id":"https:\/\/www.rraga.sk\/wp-content\/uploads\/img_a282927_w2024_t1508231515.jpg","url":"https:\/\/www.rraga.sk\/wp-content\/uploads\/img_a282927_w2024_t1508231515.jpg","height":0,"width":0},"url":"https:\/\/www.rraga.sk\/robte-svojmu-milacikovi-radost\/","about":["V\u00fdrobky"],"wordCount":408,"articleBody":"V dne\u0161nej dobe u\u017e ni\u010d nie je \u00faplne nenorm\u00e1lne. V\u0161etko m\u00e1 nejak\u00fd ur\u010dit\u00fd v\u00fdznam a v podstate skoro pri ni\u010dom si nemus\u00edme b\u00facha\u0165 hlavu o stenu a p\u00fdta\u0165 sa sami seba, pre\u010do sme to urobili a z ak\u00e9ho d\u00f4vodu sa to a ono deje pr\u00e1ve n\u00e1m. Alebo, pre\u010do m\u00e1 pani, ktor\u00e1 ide oproti n\u00e1m ru\u017eov\u00e9 vlasy. Niektor\u00e9 veci sa u\u017e jednoducho nep\u00fdtame. Pr\u00e1ve preto n\u00e1s nezar\u00e1\u017ea ani to, \u017ee \u017eeny obliekaj\u00fa svojich mil\u00e1\u010dikov do oble\u010denia tak, aby sa hodili ku nim. P\u00fdtame sa a pre\u010do nie?V dne\u0161nej dobe je oble\u010denie pre chlp\u00e1\u010dikov dokonale prisp\u00f4soben\u00e9 tomu, aby im neprek\u00e1\u017ealo. Je to skuto\u010dne tak a nie je potrebn\u00e9 odsudzova\u0165 ka\u017ed\u00fa \u017eenu, ktor\u00e1 svojho havk\u00e1\u010da vedie na v\u00f4dzke oble\u010den\u00e9ho v svetri \u010di pr\u0161ipl\u00e1\u0161ti. Aby sme vyvr\u00e1tili n\u00e1zor niektor\u00fdch \u013eud\u00ed, tak \u0161aty pre psov s\u00fa skuto\u010dne praktick\u00e9. Nie je to ni\u010d neobvykl\u00e9 a v dne\u0161nej dobe to m\u00e1 skuto\u010dne ove\u013ea v\u00e4\u010d\u0161\u00ed v\u00fdznam ako len ten estetick\u00fd, na ktor\u00fd \u013eudia st\u00e1le upozor\u0148uj\u00fa.Hlavne mal\u00e9 rasy ob\u010das skuto\u010dne potrebuj\u00fa zahria\u0165. Nie je to ni\u010d povrchn\u00e9, ale je to pravda. Mal\u00e9 rasy, ktor\u00e9 okrem toho e\u0161te nie s\u00fa dlhosrst\u00e9, vid\u00edte \u010dasto, ako sa klep\u00fa od zimy. \u010co je potom od majite\u013ea zodpovednej\u0161ie? Necha\u0165 ho klepa\u0165 sa od zimy alebo mu predsa len navliec\u0165 sveter, ktor\u00fd je uroben\u00fd \u0161peci\u00e1lne pre neho? Uvid\u00edte, \u017ee zahria\u0165 svojho vlastn\u00e9ho mil\u00e1\u010dika je ove\u013ea viac ako v\u00e1\u0161 osobn\u00fd komfort. Napriek tomu, pre\u010do nespoji\u0165 pr\u00edjemn\u00e9 s u\u017eito\u010dn\u00fdm? Hlavne d\u00e1my si u\u017e\u00edvaj\u00fa to, \u017ee sa m\u00f4\u017eu so svojim chlp\u00e1\u010dikom zladi\u0165 a radova\u0165 sa z toho.Niektor\u00ed havk\u00e1\u010di navy\u0161e obliekanie skuto\u010dne zbo\u017e\u0148uj\u00fa a nevedia sa do\u010dka\u0165 toho, ako sa v nie\u010dom predved\u00fa. Naozaj je to tak. Pre\u010do by ste im to teda nemohli dopria\u0165? Hlavne vtedy, ke\u010f s t\u00fdm nemaj\u00fa \u017eiadny v\u00fdrazn\u00fd probl\u00e9m. Ak v\u0161ak protestuj\u00fa a bytostne to nemaj\u00fa rady, ur\u010dite by ste ich s t\u00fdm nemali provokova\u0165. Nie je dobr\u00e9, ke\u010f ich n\u00fatite do nie\u010doho, \u010do nechc\u00fa. Mus\u00edte robi\u0165 predsa rados\u0165 im a nie sebe.                                                                                                                                                                                                                                                                                                                                                                                        3.7\/5 - (4 votes)        "},{"@context":"https:\/\/schema.org\/","@type":"BreadcrumbList","itemListElement":[{"@type":"ListItem","position":1,"name":"Robte svojmu mil\u00e1\u010dikovi rados\u0165","item":"https:\/\/www.rraga.sk\/robte-svojmu-milacikovi-radost\/#breadcrumbitem"}]}]