{"@context":"https:\/\/schema.org\/","@type":"CollectionPage","@id":"https:\/\/www.rraga.sk\/muzi\/#CollectionPage","headline":"Mu\u017ei Category","description":"","url":"https:\/\/www.rraga.sk\/muzi\/","hasPart":[{"@type":"Article","@id":"https:\/\/www.rraga.sk\/senzualna-masaz-pomoze-vasmu-vztahu\/","headline":"Senzu\u00e1lna mas\u00e1\u017e pom\u00f4\u017ee v\u00e1\u0161mu vz\u0165ahu","url":"https:\/\/www.rraga.sk\/senzualna-masaz-pomoze-vasmu-vztahu\/","datePublished":"2019-10-27","dateModified":"2023-04-27","mainEntityOfPage":"https:\/\/www.rraga.sk\/senzualna-masaz-pomoze-vasmu-vztahu\/","author":{"@type":"Person","@id":"https:\/\/www.rraga.sk\/author\/#Person","name":"","url":"https:\/\/www.rraga.sk\/author\/","identifier":1,"image":{"@type":"ImageObject","@id":"https:\/\/secure.gravatar.com\/avatar\/5667bceccdce92893bac6a7981a373152a8b3fa0ab99c198ba0ac0b49a934248?s=96&d=mm&r=g","url":"https:\/\/secure.gravatar.com\/avatar\/5667bceccdce92893bac6a7981a373152a8b3fa0ab99c198ba0ac0b49a934248?s=96&d=mm&r=g","height":96,"width":96}},"publisher":{"@type":"Organization","name":"rraga.sk","logo":{"@type":"ImageObject","@id":"\/logo.png","url":"\/logo.png","width":600,"height":60}},"image":{"@type":"ImageObject","@id":"https:\/\/www.rraga.sk\/wp-content\/uploads\/img_a308491_w16721_t1574955858.jpg","url":"https:\/\/www.rraga.sk\/wp-content\/uploads\/img_a308491_w16721_t1574955858.jpg","height":0,"width":0},"keywords":null},{"@type":"Article","@id":"https:\/\/www.rraga.sk\/prestante-sa-vyhovarat-na-zajtrajsok-a-zmente-svoj-zivot-dnes\/","headline":"Presta\u0148te sa vyhov\u00e1ra\u0165 na zajtraj\u0161ok a zme\u0148te svoj \u017eivot dnes","url":"https:\/\/www.rraga.sk\/prestante-sa-vyhovarat-na-zajtrajsok-a-zmente-svoj-zivot-dnes\/","datePublished":"2019-10-05","dateModified":"2023-04-27","mainEntityOfPage":"https:\/\/www.rraga.sk\/prestante-sa-vyhovarat-na-zajtrajsok-a-zmente-svoj-zivot-dnes\/","author":{"@type":"Person","@id":"https:\/\/www.rraga.sk\/author\/#Person","name":"","url":"https:\/\/www.rraga.sk\/author\/","identifier":1,"image":{"@type":"ImageObject","@id":"https:\/\/secure.gravatar.com\/avatar\/5667bceccdce92893bac6a7981a373152a8b3fa0ab99c198ba0ac0b49a934248?s=96&d=mm&r=g","url":"https:\/\/secure.gravatar.com\/avatar\/5667bceccdce92893bac6a7981a373152a8b3fa0ab99c198ba0ac0b49a934248?s=96&d=mm&r=g","height":96,"width":96}},"publisher":{"@type":"Organization","name":"rraga.sk","logo":{"@type":"ImageObject","@id":"\/logo.png","url":"\/logo.png","width":600,"height":60}},"image":{"@type":"ImageObject","@id":"https:\/\/www.rraga.sk\/wp-content\/uploads\/img_a307662_w16721_t1572019041.jpg","url":"https:\/\/www.rraga.sk\/wp-content\/uploads\/img_a307662_w16721_t1572019041.jpg","height":0,"width":0},"keywords":null},{"@type":"Article","@id":"https:\/\/www.rraga.sk\/verte-tomu-ze-vsetko-vyriesite\/","headline":"Verte tomu, \u017ee v\u0161etko vyrie\u0161ite","url":"https:\/\/www.rraga.sk\/verte-tomu-ze-vsetko-vyriesite\/","datePublished":"2019-09-11","dateModified":"2023-04-27","mainEntityOfPage":"https:\/\/www.rraga.sk\/verte-tomu-ze-vsetko-vyriesite\/","author":{"@type":"Person","@id":"https:\/\/www.rraga.sk\/author\/#Person","name":"","url":"https:\/\/www.rraga.sk\/author\/","identifier":1,"image":{"@type":"ImageObject","@id":"https:\/\/secure.gravatar.com\/avatar\/5667bceccdce92893bac6a7981a373152a8b3fa0ab99c198ba0ac0b49a934248?s=96&d=mm&r=g","url":"https:\/\/secure.gravatar.com\/avatar\/5667bceccdce92893bac6a7981a373152a8b3fa0ab99c198ba0ac0b49a934248?s=96&d=mm&r=g","height":96,"width":96}},"publisher":{"@type":"Organization","name":"rraga.sk","logo":{"@type":"ImageObject","@id":"\/logo.png","url":"\/logo.png","width":600,"height":60}},"image":{"@type":"ImageObject","@id":"https:\/\/www.rraga.sk\/wp-content\/uploads\/img_a299759_w16819_t1556271983.jpg","url":"https:\/\/www.rraga.sk\/wp-content\/uploads\/img_a299759_w16819_t1556271983.jpg","height":0,"width":0},"keywords":null},{"@type":"Article","@id":"https:\/\/www.rraga.sk\/preco-by-mali-muzi-pomahat-v-domacnosti\/","headline":"Pre\u010do by mali mu\u017ei pom\u00e1ha\u0165 v dom\u00e1cnosti","url":"https:\/\/www.rraga.sk\/preco-by-mali-muzi-pomahat-v-domacnosti\/","datePublished":"2019-08-10","dateModified":"2023-04-27","mainEntityOfPage":"https:\/\/www.rraga.sk\/preco-by-mali-muzi-pomahat-v-domacnosti\/","author":{"@type":"Person","@id":"https:\/\/www.rraga.sk\/author\/#Person","name":"","url":"https:\/\/www.rraga.sk\/author\/","identifier":1,"image":{"@type":"ImageObject","@id":"https:\/\/secure.gravatar.com\/avatar\/5667bceccdce92893bac6a7981a373152a8b3fa0ab99c198ba0ac0b49a934248?s=96&d=mm&r=g","url":"https:\/\/secure.gravatar.com\/avatar\/5667bceccdce92893bac6a7981a373152a8b3fa0ab99c198ba0ac0b49a934248?s=96&d=mm&r=g","height":96,"width":96}},"publisher":{"@type":"Organization","name":"rraga.sk","logo":{"@type":"ImageObject","@id":"\/logo.png","url":"\/logo.png","width":600,"height":60}},"image":{"@type":"ImageObject","@id":"https:\/\/www.rraga.sk\/wp-content\/uploads\/img_a306787_w16721_t1569248554.jpg","url":"https:\/\/www.rraga.sk\/wp-content\/uploads\/img_a306787_w16721_t1569248554.jpg","height":0,"width":0},"keywords":null},{"@type":"Article","@id":"https:\/\/www.rraga.sk\/muzi-a-ich-maniere\/","headline":"Mu\u017ei a ich maniere","url":"https:\/\/www.rraga.sk\/muzi-a-ich-maniere\/","datePublished":"2019-07-24","dateModified":"2023-04-27","mainEntityOfPage":"https:\/\/www.rraga.sk\/muzi-a-ich-maniere\/","author":{"@type":"Person","@id":"https:\/\/www.rraga.sk\/author\/#Person","name":"","url":"https:\/\/www.rraga.sk\/author\/","identifier":1,"image":{"@type":"ImageObject","@id":"https:\/\/secure.gravatar.com\/avatar\/5667bceccdce92893bac6a7981a373152a8b3fa0ab99c198ba0ac0b49a934248?s=96&d=mm&r=g","url":"https:\/\/secure.gravatar.com\/avatar\/5667bceccdce92893bac6a7981a373152a8b3fa0ab99c198ba0ac0b49a934248?s=96&d=mm&r=g","height":96,"width":96}},"publisher":{"@type":"Organization","name":"rraga.sk","logo":{"@type":"ImageObject","@id":"\/logo.png","url":"\/logo.png","width":600,"height":60}},"image":{"@type":"ImageObject","@id":"https:\/\/www.rraga.sk\/wp-content\/uploads\/img_a305148_w16721_t1566403197.jpg","url":"https:\/\/www.rraga.sk\/wp-content\/uploads\/img_a305148_w16721_t1566403197.jpg","height":0,"width":0},"keywords":null},{"@type":"Article","@id":"https:\/\/www.rraga.sk\/farby-zmenia-vas-pohlad-na-svet\/","headline":"Farby zmenia v\u00e1\u0161 poh\u013ead na svet","url":"https:\/\/www.rraga.sk\/farby-zmenia-vas-pohlad-na-svet\/","datePublished":"2019-02-12","dateModified":"2023-04-27","mainEntityOfPage":"https:\/\/www.rraga.sk\/farby-zmenia-vas-pohlad-na-svet\/","author":{"@type":"Person","@id":"https:\/\/www.rraga.sk\/author\/#Person","name":"","url":"https:\/\/www.rraga.sk\/author\/","identifier":1,"image":{"@type":"ImageObject","@id":"https:\/\/secure.gravatar.com\/avatar\/5667bceccdce92893bac6a7981a373152a8b3fa0ab99c198ba0ac0b49a934248?s=96&d=mm&r=g","url":"https:\/\/secure.gravatar.com\/avatar\/5667bceccdce92893bac6a7981a373152a8b3fa0ab99c198ba0ac0b49a934248?s=96&d=mm&r=g","height":96,"width":96}},"publisher":{"@type":"Organization","name":"rraga.sk","logo":{"@type":"ImageObject","@id":"\/logo.png","url":"\/logo.png","width":600,"height":60}},"image":{"@type":"ImageObject","@id":"https:\/\/www.rraga.sk\/wp-content\/uploads\/img_a297547_w16502_t1551555373.jpg","url":"https:\/\/www.rraga.sk\/wp-content\/uploads\/img_a297547_w16502_t1551555373.jpg","height":0,"width":0},"keywords":null},{"@type":"Article","@id":"https:\/\/www.rraga.sk\/pacis-sa-jej\/","headline":"P\u00e1\u010di\u0161 sa jej?","url":"https:\/\/www.rraga.sk\/pacis-sa-jej\/","datePublished":"2019-02-02","dateModified":"2023-04-27","mainEntityOfPage":"https:\/\/www.rraga.sk\/pacis-sa-jej\/","author":{"@type":"Person","@id":"https:\/\/www.rraga.sk\/author\/#Person","name":"","url":"https:\/\/www.rraga.sk\/author\/","identifier":1,"image":{"@type":"ImageObject","@id":"https:\/\/secure.gravatar.com\/avatar\/5667bceccdce92893bac6a7981a373152a8b3fa0ab99c198ba0ac0b49a934248?s=96&d=mm&r=g","url":"https:\/\/secure.gravatar.com\/avatar\/5667bceccdce92893bac6a7981a373152a8b3fa0ab99c198ba0ac0b49a934248?s=96&d=mm&r=g","height":96,"width":96}},"publisher":{"@type":"Organization","name":"rraga.sk","logo":{"@type":"ImageObject","@id":"\/logo.png","url":"\/logo.png","width":600,"height":60}},"image":{"@type":"ImageObject","@id":"https:\/\/www.rraga.sk\/wp-content\/uploads\/img_a299088_w16721_t1554211866.jpg","url":"https:\/\/www.rraga.sk\/wp-content\/uploads\/img_a299088_w16721_t1554211866.jpg","height":0,"width":0},"keywords":null},{"@type":"Article","@id":"https:\/\/www.rraga.sk\/zlata-bodka-pre-dokonaly-spanok\/","headline":"Zlat\u00e1 bodka pre dokonal\u00fd sp\u00e1nok","url":"https:\/\/www.rraga.sk\/zlata-bodka-pre-dokonaly-spanok\/","datePublished":"2017-06-20","dateModified":"2023-04-27","mainEntityOfPage":"https:\/\/www.rraga.sk\/zlata-bodka-pre-dokonaly-spanok\/","author":{"@type":"Person","@id":"https:\/\/www.rraga.sk\/author\/#Person","name":"","url":"https:\/\/www.rraga.sk\/author\/","identifier":1,"image":{"@type":"ImageObject","@id":"https:\/\/secure.gravatar.com\/avatar\/5667bceccdce92893bac6a7981a373152a8b3fa0ab99c198ba0ac0b49a934248?s=96&d=mm&r=g","url":"https:\/\/secure.gravatar.com\/avatar\/5667bceccdce92893bac6a7981a373152a8b3fa0ab99c198ba0ac0b49a934248?s=96&d=mm&r=g","height":96,"width":96}},"publisher":{"@type":"Organization","name":"rraga.sk","logo":{"@type":"ImageObject","@id":"\/logo.png","url":"\/logo.png","width":600,"height":60}},"image":{"@type":"ImageObject","@id":"https:\/\/www.rraga.sk\/wp-content\/uploads\/img_a282536_w16481_t1505130439.jpg","url":"https:\/\/www.rraga.sk\/wp-content\/uploads\/img_a282536_w16481_t1505130439.jpg","height":0,"width":0},"keywords":null},{"@type":"Article","@id":"https:\/\/www.rraga.sk\/aku-znacku-uprednostnit\/","headline":"Ak\u00fa zna\u010dku uprednostni\u0165?","url":"https:\/\/www.rraga.sk\/aku-znacku-uprednostnit\/","datePublished":"2017-06-15","dateModified":"2023-04-27","mainEntityOfPage":"https:\/\/www.rraga.sk\/aku-znacku-uprednostnit\/","author":{"@type":"Person","@id":"https:\/\/www.rraga.sk\/author\/#Person","name":"","url":"https:\/\/www.rraga.sk\/author\/","identifier":1,"image":{"@type":"ImageObject","@id":"https:\/\/secure.gravatar.com\/avatar\/5667bceccdce92893bac6a7981a373152a8b3fa0ab99c198ba0ac0b49a934248?s=96&d=mm&r=g","url":"https:\/\/secure.gravatar.com\/avatar\/5667bceccdce92893bac6a7981a373152a8b3fa0ab99c198ba0ac0b49a934248?s=96&d=mm&r=g","height":96,"width":96}},"publisher":{"@type":"Organization","name":"rraga.sk","logo":{"@type":"ImageObject","@id":"\/logo.png","url":"\/logo.png","width":600,"height":60}},"image":{"@type":"ImageObject","@id":"https:\/\/www.rraga.sk\/wp-content\/uploads\/img_a282425_w16466_t1504805547.jpg","url":"https:\/\/www.rraga.sk\/wp-content\/uploads\/img_a282425_w16466_t1504805547.jpg","height":0,"width":0},"keywords":null},{"@type":"Article","@id":"https:\/\/www.rraga.sk\/pre-najmensich-su-jasle-bratislava\/","headline":"Pre najmen\u0161\u00edch s\u00fa jasle Bratislava","url":"https:\/\/www.rraga.sk\/pre-najmensich-su-jasle-bratislava\/","datePublished":"2017-04-22","dateModified":"2023-04-27","mainEntityOfPage":"https:\/\/www.rraga.sk\/pre-najmensich-su-jasle-bratislava\/","author":{"@type":"Person","@id":"https:\/\/www.rraga.sk\/author\/#Person","name":"","url":"https:\/\/www.rraga.sk\/author\/","identifier":1,"image":{"@type":"ImageObject","@id":"https:\/\/secure.gravatar.com\/avatar\/5667bceccdce92893bac6a7981a373152a8b3fa0ab99c198ba0ac0b49a934248?s=96&d=mm&r=g","url":"https:\/\/secure.gravatar.com\/avatar\/5667bceccdce92893bac6a7981a373152a8b3fa0ab99c198ba0ac0b49a934248?s=96&d=mm&r=g","height":96,"width":96}},"publisher":{"@type":"Organization","name":"rraga.sk","logo":{"@type":"ImageObject","@id":"\/logo.png","url":"\/logo.png","width":600,"height":60}},"image":{"@type":"ImageObject","@id":"https:\/\/www.rraga.sk\/wp-content\/uploads\/img_a281165_w2016_t1498216047.jpg","url":"https:\/\/www.rraga.sk\/wp-content\/uploads\/img_a281165_w2016_t1498216047.jpg","height":0,"width":0},"keywords":null}]}