[{"@context":"https:\/\/schema.org\/","@type":"Article","@id":"https:\/\/www.rraga.sk\/chcete-zmodernizovat-svoj-interier-skuste-vsadit-na-sklenene-zabradlie\/#Article","mainEntityOfPage":"https:\/\/www.rraga.sk\/chcete-zmodernizovat-svoj-interier-skuste-vsadit-na-sklenene-zabradlie\/","headline":"Chcete zmodernizova\u0165 svoj interi\u00e9r? Sk\u00faste vsadi\u0165 na sklenen\u00e9 z\u00e1bradlie","name":"Chcete zmodernizova\u0165 svoj interi\u00e9r? Sk\u00faste vsadi\u0165 na sklenen\u00e9 z\u00e1bradlie","description":"D\u00f4vodom a vlastne o\u010dak\u00e1van\u00fdm efektom toho, pre\u010do si https:\/\/wol.jw.org\/de\/wol\/d\/r38\/lp-v\/102010370 v\u00e4\u010d\u0161ina dom\u00e1cnost\u00ed zaria\u010fuje svoj interi\u00e9r je dosiahnu\u0165 estetiku, eleganciu, ale aj praktickej\u0161iu str\u00e1nku konkr\u00e9tnych priestorov. Ide tak o postupn\u00fa inov\u00e1ciu a snahu dosiahnu\u0165 v r\u00e1mci mo\u017enost\u00ed ten najlep\u0161\u00ed efekt, a to napr\u00edklad len postupn\u00fdm dokupovan\u00edm alebo obmie\u0148an\u00edm jednotliv\u00fdch prvkov ako zabradlie na schody, ktor\u00e9 v s\u00fa\u010dasnosti&hellip; ","datePublished":"2019-05-26","dateModified":"2023-04-27","author":{"@type":"Person","@id":"https:\/\/www.rraga.sk\/author\/#Person","name":"","url":"https:\/\/www.rraga.sk\/author\/","identifier":1,"image":{"@type":"ImageObject","@id":"https:\/\/secure.gravatar.com\/avatar\/5667bceccdce92893bac6a7981a373152a8b3fa0ab99c198ba0ac0b49a934248?s=96&d=mm&r=g","url":"https:\/\/secure.gravatar.com\/avatar\/5667bceccdce92893bac6a7981a373152a8b3fa0ab99c198ba0ac0b49a934248?s=96&d=mm&r=g","height":96,"width":96}},"publisher":{"@type":"Organization","name":"rraga.sk","logo":{"@type":"ImageObject","@id":"\/logo.png","url":"\/logo.png","width":600,"height":60}},"image":{"@type":"ImageObject","@id":"https:\/\/www.rraga.sk\/wp-content\/uploads\/img_a304394_w2036_t1565463533.jpg","url":"https:\/\/www.rraga.sk\/wp-content\/uploads\/img_a304394_w2036_t1565463533.jpg","height":0,"width":0},"url":"https:\/\/www.rraga.sk\/chcete-zmodernizovat-svoj-interier-skuste-vsadit-na-sklenene-zabradlie\/","about":["B\u00fdvanie"],"wordCount":389,"articleBody":"           D\u00f4vodom a vlastne o\u010dak\u00e1van\u00fdm efektom toho, pre\u010do si  https:\/\/wol.jw.org\/de\/wol\/d\/r38\/lp-v\/102010370 v\u00e4\u010d\u0161ina dom\u00e1cnost\u00ed zaria\u010fuje svoj interi\u00e9r je dosiahnu\u0165 estetiku, eleganciu, ale aj praktickej\u0161iu str\u00e1nku konkr\u00e9tnych priestorov. Ide tak o postupn\u00fa inov\u00e1ciu a snahu dosiahnu\u0165 v r\u00e1mci mo\u017enost\u00ed ten najlep\u0161\u00ed efekt, a to napr\u00edklad len postupn\u00fdm dokupovan\u00edm alebo obmie\u0148an\u00edm jednotliv\u00fdch prvkov ako zabradlie na schody, ktor\u00e9 v s\u00fa\u010dasnosti pon\u00faka skuto\u010dne modernej\u0161ie, \u0161t\u00fdlov\u00e9 a zauj\u00edmav\u00e9 varianty. Predov\u0161etk\u00fdm v pr\u00edpade, ak sa rozhodneme pre variant zo sklenen\u00e9ho materi\u00e1lu. Rovnako ako sa st\u00e1vaj\u00fa popul\u00e1rnym prvkom na balk\u00f3ne, podobnou mierou ich vid\u00edme spo\u013eahlivo umiestnen\u00e9 na interi\u00e9rov\u00fdch schodisk\u00e1ch, ktor\u00fdm tak dod\u00e1vaj\u00fa nenahradite\u013en\u00fd a origin\u00e1lny vizu\u00e1lny efekt, pri\u010dom sa zapr\u00ed\u010di\u0148uj\u00fa sa o eleganciu cel\u00e9ho schodiska ako aj estetiku okolit\u00e9ho priestoru. \u00b7 Vid\u00edme tak, \u017ee aj tento jeden prvok dok\u00e1\u017ee interi\u00e9r obohati\u0165 o v\u0161etky z\u00e1kladn\u00e9 po\u017eadovan\u00e9 vlastnosti. V pr\u00edpade sklenen\u00e9ho materi\u00e1lu ale rozhodne mus\u00edme spomen\u00fa\u0165 aj jeho schopnos\u0165 prep\u00fa\u0161\u0165a\u0165 prirodzen\u00e9 svetlo a t\u00fdm p\u00e1dom udr\u017eiava\u0165 dostato\u010dne osvetlen\u00e9 priestory, \u010d\u00edm sa napr\u00edklad vyhneme nutnosti disponova\u0165 mno\u017estvom umel\u00fdch sveteln\u00fdch zdrojov, ktor\u00fdch prev\u00e1dzka si p\u00fdta neust\u00e1ly odber elektrickej energie. To je napr\u00edklad rozdiel medzi t\u00fdm, ak by sme vybrali typ z\u00e1bradlia z odli\u0161n\u00e9ho materi\u00e1lu, kedy naopak vznikaj\u00fa obavy, \u017ee schodiskov\u00fd priestor sa ponor\u00ed do tmy. No nie v tomto pr\u00edpade. Konkr\u00e9tna miestnos\u0165 bude disponova\u0165 sympatick\u00fdm pr\u00edsunom svetla, ktor\u00e9 ako vieme, je z mnoh\u00fdch h\u013ead\u00edsk potrebn\u00e9. T\u00fdmto sp\u00f4sobom sa vyhneme aj ist\u00e9mu pocitu chladu, respekt\u00edve s prirodzenou priepustnos\u0165ou svetla vznik\u00e1 \u00fatulnej\u0161ia atmosf\u00e9ra. Na druhej strane v\u0161ak sklo dopraje konkr\u00e9tnemu priestoru ur\u010dit\u00fa od\u013eah\u010denos\u0165 a odvzdu\u0161nenos\u0165. \u00b7 D\u00f4le\u017eit\u00fa \u00falohu zohr\u00e1vaj\u00fa tie\u017e izola\u010dn\u00e9 vlastnosti opisovan\u00e9ho materi\u00e1lu, ktor\u00fd je schopn\u00fd nasa\u0165 teplo a udr\u017eiava\u0165 ho, a to nielen zo slnka, ale takisto z in\u00fdch v\u00fdhrevn\u00fdch zariaden\u00ed v jeho bl\u00edzkosti.                                                                                                                                                                                                                                                                                                                                                                                          4\/5 - (6 votes)        "},{"@context":"https:\/\/schema.org\/","@type":"BreadcrumbList","itemListElement":[{"@type":"ListItem","position":1,"name":"Chcete zmodernizova\u0165 svoj interi\u00e9r? Sk\u00faste vsadi\u0165 na sklenen\u00e9 z\u00e1bradlie","item":"https:\/\/www.rraga.sk\/chcete-zmodernizovat-svoj-interier-skuste-vsadit-na-sklenene-zabradlie\/#breadcrumbitem"}]}]