[{"@context":"https:\/\/schema.org\/","@type":"Article","@id":"https:\/\/www.rraga.sk\/aj-muzi-by-sa-mali-o-seba-starat\/#Article","mainEntityOfPage":"https:\/\/www.rraga.sk\/aj-muzi-by-sa-mali-o-seba-starat\/","headline":"Aj mu\u017ei by sa mali o seba stara\u0165","name":"Aj mu\u017ei by sa mali o seba stara\u0165","description":"Stara\u0165 sa mus\u00edme nie len o\u00a0svoje zdravie, a\u00a0teda dobre, vyv\u00e1\u017eene sa stravova\u0165, pi\u0165 ve\u013ea tekut\u00edn a aspo\u0148\u00a0ob\u010das \u0161portova\u0165, ale aj o\u00a0svoj vonkaj\u0161ok, a\u00a0teda o\u00a0to, ako sa prezentujeme vonkaj\u0161iemu svetu. Aj ke\u010f je pravda, \u017ee tieto dve veci spolu ve\u013emi \u00fazko s\u00favisia, preto\u017ee ak sa star\u00e1me o\u00a0svoje telo zvn\u00fatra, odv\u010fa\u010d\u00ed sa n\u00e1m aj zvonku, v\u00e4\u010d\u0161inou to&hellip; ","datePublished":"2019-05-25","dateModified":"2023-04-27","author":{"@type":"Person","@id":"https:\/\/www.rraga.sk\/author\/#Person","name":"","url":"https:\/\/www.rraga.sk\/author\/","identifier":1,"image":{"@type":"ImageObject","@id":"https:\/\/secure.gravatar.com\/avatar\/5667bceccdce92893bac6a7981a373152a8b3fa0ab99c198ba0ac0b49a934248?s=96&d=mm&r=g","url":"https:\/\/secure.gravatar.com\/avatar\/5667bceccdce92893bac6a7981a373152a8b3fa0ab99c198ba0ac0b49a934248?s=96&d=mm&r=g","height":96,"width":96}},"publisher":{"@type":"Organization","name":"rraga.sk","logo":{"@type":"ImageObject","@id":"\/logo.png","url":"\/logo.png","width":600,"height":60}},"image":{"@type":"ImageObject","@id":"https:\/\/www.rraga.sk\/wp-content\/uploads\/img_a302633_w16628_t1561655539.jpg","url":"https:\/\/www.rraga.sk\/wp-content\/uploads\/img_a302633_w16628_t1561655539.jpg","height":0,"width":0},"url":"https:\/\/www.rraga.sk\/aj-muzi-by-sa-mali-o-seba-starat\/","wordCount":424,"articleBody":"Stara\u0165 sa mus\u00edme nie len o\u00a0svoje zdravie, a\u00a0teda dobre, vyv\u00e1\u017eene sa stravova\u0165, pi\u0165 ve\u013ea tekut\u00edn a aspo\u0148\u00a0ob\u010das \u0161portova\u0165, ale aj o\u00a0svoj vonkaj\u0161ok, a\u00a0teda o\u00a0to, ako sa prezentujeme vonkaj\u0161iemu svetu. Aj ke\u010f je pravda, \u017ee tieto dve veci spolu ve\u013emi \u00fazko s\u00favisia, preto\u017ee ak sa star\u00e1me o\u00a0svoje telo zvn\u00fatra, odv\u010fa\u010d\u00ed sa n\u00e1m aj zvonku, v\u00e4\u010d\u0161inou to tak \u00faplne nesta\u010d\u00ed. S\u00fa veci, o\u00a0ktor\u00e9 by mali dba\u0165 aj mu\u017ei, aby sa p\u00e1\u010dili druh\u00e9mu pohlaviu. Preto\u017ee nie je pravda, \u017ee na tom, ako vyzer\u00e1me nez\u00e1le\u017e\u00ed, a\u00a0aj ke\u010f je mu\u017e pekn\u00fd, ak sa o\u00a0seba nevie patri\u010dne stara\u0165, m\u00f4\u017ee si by\u0165 viac ako ist\u00fd, \u017ee mnoh\u00e9 \u017eeny t\u00fdm odrad\u00ed.\u00a0\u010co je teda ve\u013emi d\u00f4le\u017eit\u00e9 a\u00a0\u010do by p\u00e1ni skuto\u010dne nemali zanedb\u00e1va\u0165? \t\tNechty \u2013 \u0161pinav\u00e9, neostrihan\u00e9 nechty s\u00fa ve\u013emi odr\u00e1dzaj\u00face pre ve\u013emi ve\u013ea \u017eien. Mo\u017eno najm\u00e4 preto, lebo ruky a\u00a0to, ako sa o\u00a0ne star\u00e1me n\u00e1m o\u00a0\u010dloveku povie ve\u013emi ve\u013ea. Tie\u017e ale aj preto, lebo dlh\u00e9 neupraven\u00e9 nechty na mu\u017eovi s\u00fa rovnako odpudzuj\u00face ako ke\u010f m\u00e1 neupraven\u00e9 nechty \u017eena. Je in\u00e9, ak m\u00e1 mu\u017e \u0165a\u017ek\u00fa robotu a\u00a0nechty m\u00e1 \u0161pinav\u00e9 z\u00a0in\u00e9ho d\u00f4vodu, av\u0161ak nechty, ktor\u00e9 s\u00fa \u0161pinav\u00e9 preto, lebo sa o\u00a0ne mu\u017e len jednoducho nestar\u00e1, je ove\u013ea v\u00e4\u010d\u0161ia trag\u00e9dia!\t\tPery \u2013 mnoho mu\u017eov m\u00e1 vysu\u0161en\u00e9 pery a\u00a0ni\u010d s\u00a0t\u00fdmto mal\u00fdm, no ve\u013ek\u00fdm nedostatkom nehodl\u00e1 spravi\u0165. Pery s\u00fa ve\u013emi d\u00f4le\u017eit\u00e9, tie\u017e n\u00e1m prezr\u00e1dzaj\u00fa ve\u013emi ve\u013ea o\u00a0\u010dloveku, a\u00a0to tom, ako sa o seba star\u00e1. S\u00a0perami sa bozk\u00e1vame, a\u00a0je samozrejme ove\u013ea pr\u00edjemnej\u0161ie bozk\u00e1va\u0165 m\u00e4kk\u00e9, upraven\u00e9, pery ako vysu\u0161en\u00e9 a\u00a0tvrd\u00e9. Sta\u010d\u00ed si ich ob\u010das nakr\u00e9mova\u0165, alebo pou\u017e\u00edva\u0165 mu\u017esk\u00fd balzam.\t\tOchlpenie \u2013 bradu maj\u00fa niektor\u00ed mu\u017ei ve\u013emi hojn\u00fa in\u00ed zasa nie ve\u013emi bujn\u00fa. Av\u0161ak, sem tam nejak\u00fd prejav ochlpenia pod nosom \u010di pod perami sa vyskytne u\u00a0ka\u017ed\u00e9ho mu\u017ea. Aj to b\u00fdva celkom ve\u013ek\u00fd probl\u00e9m. Aj ak m\u00e1 mu\u017e bradu, aj ak nem\u00e1, mal by si ju pravidelne holi\u0165, alebo aspo\u0148 upravova\u0165, preto\u017ee t\u00fdch p\u00e1r ch\u013apkov pod nosom nevyzer\u00e1 tak isto dobre, ako ve\u013ek\u00e1 neupraven\u00e1 brada \u010di f\u00fazy.                                                                                                                                                                                                                                                                                                                                                                                        4.2\/5 - (6 votes)        "},{"@context":"https:\/\/schema.org\/","@type":"BreadcrumbList","itemListElement":[{"@type":"ListItem","position":1,"name":"Aj mu\u017ei by sa mali o seba stara\u0165","item":"https:\/\/www.rraga.sk\/aj-muzi-by-sa-mali-o-seba-starat\/#breadcrumbitem"}]}]